{"id":523,"date":"2013-01-22T20:49:27","date_gmt":"2013-01-22T20:49:27","guid":{"rendered":"http:\/\/www.angelolaran.com\/?p=523"},"modified":"2020-03-13T14:39:32","modified_gmt":"2020-03-13T14:39:32","slug":"ya-esta-en-marcha-la-prueba-solidaria-de-ultrafondo-de-hernani-wukrorekin","status":"publish","type":"post","link":"https:\/\/angelolaran.com\/en\/ya-esta-en-marcha-la-prueba-solidaria-de-ultrafondo-de-hernani-wukrorekin\/","title":{"rendered":"Ya est\u00e1 en marcha la prueba solidaria de Ultrafondo de Hernani Wukrorekin"},"content":{"rendered":"<figure id=\"attachment_524\" aria-describedby=\"caption-attachment-524\" style=\"width: 300px\" class=\"wp-caption alignnone\"><a href=\"http:\/\/www.angelolaran.com\/wp-content\/uploads\/2013\/01\/Olaran-y-Salillas.jpg\"><img loading=\"lazy\" decoding=\"async\" class=\"size-medium wp-image-524  \" title=\"Olaran  y Salillas\" src=\"http:\/\/www.angelolaran.com\/wp-content\/uploads\/2013\/01\/Olaran-y-Salillas-300x199.jpg\" alt=\"\" width=\"300\" height=\"199\"><\/a><figcaption id=\"caption-attachment-524\" class=\"wp-caption-text\">\u00c1ngel Olaran y Xabi Salillas. Foto cedida por HERNANIKO KRONIKA<\/figcaption><\/figure>\n<p id=\"yui_3_7_2_1_1358886190041_5853\">Hernani Wukrorekin GKE-ONG, junto con el atleta ultrafondista hernaniarra Xabier Salillas, han organizado una prueba de ULTRAFONDO que se est\u00e1 celebrarado en la pista de atletismo de Hernani durante la semana del 21 al 27 de enero.<\/p>\n<p id=\"yui_3_7_2_1_1358886190041_5988\">Xabier Salillas es especialista en pruebas de Ultrafondo, cuya principal caracter\u00edstica principal es que que suelen ser muy largas en distancias y se prolongan durante varios d\u00edas. Su \u00faltima participaci\u00f3n fue en M\u00f3naco, en otra carrera de&nbsp;car\u00e1cter&nbsp;solidario para recaudar fondos para diferentes ONG locales. Tras correr 540 kil\u00f3metros Salillas finaliz\u00f3 en tercera posici\u00f3n, lo que le permiti\u00f3 y subir al podio.<\/p>\n<p id=\"yui_3_7_2_1_1358886190041_5637\">La experiencia en M\u00f3naco llev\u00f3 a Salillas a plantearse la posibilidad de hacer algo similar en Hernani, municipio muy concienciado con los proyectos de Angel Olaran en Wukro (Etiop\u00eda). ONG Hernani Wukrorekin GKE-ONG&nbsp; es una de las organizaciones que trabaja en favor de los proyectos humanitarios que lleva a cabo el misionero vasco.<\/p>\n<p><a href=\"http:\/\/www.angelolaran.com\/wp-content\/uploads\/2013\/01\/CARTEL-BILINGUE.jpg\"><img loading=\"lazy\" decoding=\"async\" class=\"alignnone size-large wp-image-525\" title=\"Cartel de la prueba solidaria de ultrafondo\" src=\"http:\/\/www.angelolaran.com\/wp-content\/uploads\/2013\/01\/CARTEL-BILINGUE-1024x731.jpg\" alt=\"\" width=\"600\" height=\"428\"><\/a><\/p>\n<p>La prueba de Ultrafondo Solidario se est\u00e1 celebrando desde el 21 al 27 de enero en la pista de Atletismo de Hernani, Cada d\u00eda los atletas corren 100 kil\u00f3metros, de 7:00 de la ma\u00f1ana a las 20:00 de la tarde-noche. En total Xabier Salillas correr\u00e1 700 km.<\/p>\n<p id=\"yui_3_7_2_1_1358886190041_6052\">Dos son los&nbsp;objetivos&nbsp;para organizar esta prueba, dar m\u00e1s publicidad al Ultrafondo como pr\u00e1ctica deportiva y conseguir ayuda econ\u00f3mica para los proyectos que apoyan a los hu\u00e9rfanos de Wukro. Esta ayuda &nbsp;se obtendr\u00e1 de las aportaciones voluntarias de quienes participen en la prueba. Para participar no se exige cubrir ninguna distancia m\u00ednima, sino que cada persona recorrer\u00e1 la distancia que crea conveniente. De este modo, los vecinos de Hernani podr\u00e1n animar a Salillas &nbsp;y darle su apoyo para lograr el &nbsp;objetivo de los 700 kil\u00f3metros.<\/p>\n<p id=\"yui_3_7_2_1_1358886190041_6054\">Ya hay varios grupos, colegios y personas que se han ido apuntando para participar en la prueba. (Incluso algunos colegios han planteado durante la semana tratar el tema de la solidaridad en sus aulas).<\/p>\n<p id=\"yui_3_7_2_1_1358886190041_6122\">Durante el fin de semana en la pista habr\u00e1 ambientaci\u00f3n musical y podr\u00e1n degustarse <em>pintxos y&nbsp;<\/em>bebidas.<\/p>\n<p>El domingo a partir de las 19:00 se correr\u00e1 el ULTIMO KIL\u00d3METRO DE HONOR con representantes de todas aquellas agrupaciones, equipos, colegios\u2026 que hayan participado.<\/p>\n","protected":false},"excerpt":{"rendered":"<p>Hernani Wukrorekin GKE-ONG, junto con el atleta ultrafondista hernaniarra Xabier Salillas, han organizado una prueba de ULTRAFONDO que se est\u00e1 celebrarado en la pista de atletismo de Hernani durante la semana del 21 al 27 de enero. Xabier Salillas es especialista en pruebas de Ultrafondo, cuya principal caracter\u00edstica principal es que que suelen ser muy &hellip; <br \/><a href=\"https:\/\/angelolaran.com\/en\/ya-esta-en-marcha-la-prueba-solidaria-de-ultrafondo-de-hernani-wukrorekin\/\" class=\"more-link\">Continue reading <span class=\"screen-reader-text\">Ya est\u00e1 en marcha la prueba solidaria de Ultrafondo de Hernani Wukrorekin<\/span><\/a><\/p>\n","protected":false},"author":5,"featured_media":0,"comment_status":"open","ping_status":"open","sticky":false,"template":"","format":"standard","meta":{"give_campaign_id":0,"footnotes":""},"categories":[35],"tags":[47,50,67,68,70,100,108,109],"class_list":["post-523","post","type-post","status-publish","format-standard","hentry","category-noticias","tag-abba-melaku","tag-angel-olaran","tag-hernani","tag-hernaniwukrorekin","tag-huerfanos-2","tag-slider","tag-wukro","tag-xabier-salillas"],"yoast_head":"<!-- This site is optimized with the Yoast SEO plugin v27.0 - https:\/\/yoast.com\/product\/yoast-seo-wordpress\/ -->\n<title>Ya est\u00e1 en marcha la prueba solidaria de Ultrafondo de Hernani Wukrorekin - Web de \u00c1ngel Olaran<\/title>\n<meta name=\"robots\" content=\"index, follow, max-snippet:-1, max-image-preview:large, max-video-preview:-1\" \/>\n<link rel=\"canonical\" href=\"https:\/\/angelolaran.com\/en\/ya-esta-en-marcha-la-prueba-solidaria-de-ultrafondo-de-hernani-wukrorekin\/\" \/>\n<meta property=\"og:locale\" content=\"en_US\" \/>\n<meta property=\"og:type\" content=\"article\" \/>\n<meta property=\"og:title\" content=\"Ya est\u00e1 en marcha la prueba solidaria de Ultrafondo de Hernani Wukrorekin - Web de \u00c1ngel Olaran\" \/>\n<meta property=\"og:description\" content=\"Hernani Wukrorekin GKE-ONG, junto con el atleta ultrafondista hernaniarra Xabier Salillas, han organizado una prueba de ULTRAFONDO que se est\u00e1 celebrarado en la pista de atletismo de Hernani durante la semana del 21 al 27 de enero. Xabier Salillas es especialista en pruebas de Ultrafondo, cuya principal caracter\u00edstica principal es que que suelen ser muy &hellip; Continue reading Ya est\u00e1 en marcha la prueba solidaria de Ultrafondo de Hernani Wukrorekin\" \/>\n<meta property=\"og:url\" content=\"https:\/\/angelolaran.com\/en\/ya-esta-en-marcha-la-prueba-solidaria-de-ultrafondo-de-hernani-wukrorekin\/\" \/>\n<meta property=\"og:site_name\" content=\"Web de \u00c1ngel Olaran\" \/>\n<meta property=\"article:published_time\" content=\"2013-01-22T20:49:27+00:00\" \/>\n<meta property=\"article:modified_time\" content=\"2020-03-13T14:39:32+00:00\" \/>\n<meta property=\"og:image\" content=\"http:\/\/www.angelolaran.com\/wp-content\/uploads\/2013\/01\/Olaran-y-Salillas-300x199.jpg\" \/>\n<meta name=\"author\" content=\"\u00c1ngel Olaran\" \/>\n<meta name=\"twitter:card\" content=\"summary_large_image\" \/>\n<meta name=\"twitter:label1\" content=\"Written by\" \/>\n\t<meta name=\"twitter:data1\" content=\"\u00c1ngel Olaran\" \/>\n\t<meta name=\"twitter:label2\" content=\"Est. reading time\" \/>\n\t<meta name=\"twitter:data2\" content=\"2 minutes\" \/>\n<script type=\"application\/ld+json\" class=\"yoast-schema-graph\">{\"@context\":\"https:\/\/schema.org\",\"@graph\":[{\"@type\":\"Article\",\"@id\":\"https:\/\/angelolaran.com\/en\/ya-esta-en-marcha-la-prueba-solidaria-de-ultrafondo-de-hernani-wukrorekin\/#article\",\"isPartOf\":{\"@id\":\"https:\/\/angelolaran.com\/en\/ya-esta-en-marcha-la-prueba-solidaria-de-ultrafondo-de-hernani-wukrorekin\/\"},\"author\":{\"name\":\"\u00c1ngel Olaran\",\"@id\":\"https:\/\/angelolaran.com\/en\/#\/schema\/person\/d1d803e4173725f218aff350713636f5\"},\"headline\":\"Ya est\u00e1 en marcha la prueba solidaria de Ultrafondo de Hernani Wukrorekin\",\"datePublished\":\"2013-01-22T20:49:27+00:00\",\"dateModified\":\"2020-03-13T14:39:32+00:00\",\"mainEntityOfPage\":{\"@id\":\"https:\/\/angelolaran.com\/en\/ya-esta-en-marcha-la-prueba-solidaria-de-ultrafondo-de-hernani-wukrorekin\/\"},\"wordCount\":411,\"commentCount\":0,\"image\":{\"@id\":\"https:\/\/angelolaran.com\/en\/ya-esta-en-marcha-la-prueba-solidaria-de-ultrafondo-de-hernani-wukrorekin\/#primaryimage\"},\"thumbnailUrl\":\"http:\/\/www.angelolaran.com\/wp-content\/uploads\/2013\/01\/Olaran-y-Salillas-300x199.jpg\",\"keywords\":[\"Abba Melaku\",\"angel olaran\",\"Hernani\",\"Hernaniwukrorekin\",\"huerfanos\",\"slider\",\"Wukro\",\"Xabier Salillas\"],\"articleSection\":[\"Noticias\"],\"inLanguage\":\"en-US\",\"potentialAction\":[{\"@type\":\"CommentAction\",\"name\":\"Comment\",\"target\":[\"https:\/\/angelolaran.com\/en\/ya-esta-en-marcha-la-prueba-solidaria-de-ultrafondo-de-hernani-wukrorekin\/#respond\"]}]},{\"@type\":\"WebPage\",\"@id\":\"https:\/\/angelolaran.com\/en\/ya-esta-en-marcha-la-prueba-solidaria-de-ultrafondo-de-hernani-wukrorekin\/\",\"url\":\"https:\/\/angelolaran.com\/en\/ya-esta-en-marcha-la-prueba-solidaria-de-ultrafondo-de-hernani-wukrorekin\/\",\"name\":\"Ya est\u00e1 en marcha la prueba solidaria de Ultrafondo de Hernani Wukrorekin - Web de \u00c1ngel Olaran\",\"isPartOf\":{\"@id\":\"https:\/\/angelolaran.com\/en\/#website\"},\"primaryImageOfPage\":{\"@id\":\"https:\/\/angelolaran.com\/en\/ya-esta-en-marcha-la-prueba-solidaria-de-ultrafondo-de-hernani-wukrorekin\/#primaryimage\"},\"image\":{\"@id\":\"https:\/\/angelolaran.com\/en\/ya-esta-en-marcha-la-prueba-solidaria-de-ultrafondo-de-hernani-wukrorekin\/#primaryimage\"},\"thumbnailUrl\":\"http:\/\/www.angelolaran.com\/wp-content\/uploads\/2013\/01\/Olaran-y-Salillas-300x199.jpg\",\"datePublished\":\"2013-01-22T20:49:27+00:00\",\"dateModified\":\"2020-03-13T14:39:32+00:00\",\"author\":{\"@id\":\"https:\/\/angelolaran.com\/en\/#\/schema\/person\/d1d803e4173725f218aff350713636f5\"},\"breadcrumb\":{\"@id\":\"https:\/\/angelolaran.com\/en\/ya-esta-en-marcha-la-prueba-solidaria-de-ultrafondo-de-hernani-wukrorekin\/#breadcrumb\"},\"inLanguage\":\"en-US\",\"potentialAction\":[{\"@type\":\"ReadAction\",\"target\":[\"https:\/\/angelolaran.com\/en\/ya-esta-en-marcha-la-prueba-solidaria-de-ultrafondo-de-hernani-wukrorekin\/\"]}]},{\"@type\":\"ImageObject\",\"inLanguage\":\"en-US\",\"@id\":\"https:\/\/angelolaran.com\/en\/ya-esta-en-marcha-la-prueba-solidaria-de-ultrafondo-de-hernani-wukrorekin\/#primaryimage\",\"url\":\"http:\/\/www.angelolaran.com\/wp-content\/uploads\/2013\/01\/Olaran-y-Salillas-300x199.jpg\",\"contentUrl\":\"http:\/\/www.angelolaran.com\/wp-content\/uploads\/2013\/01\/Olaran-y-Salillas-300x199.jpg\"},{\"@type\":\"BreadcrumbList\",\"@id\":\"https:\/\/angelolaran.com\/en\/ya-esta-en-marcha-la-prueba-solidaria-de-ultrafondo-de-hernani-wukrorekin\/#breadcrumb\",\"itemListElement\":[{\"@type\":\"ListItem\",\"position\":1,\"name\":\"Portada\",\"item\":\"https:\/\/angelolaran.com\/en\/\"},{\"@type\":\"ListItem\",\"position\":2,\"name\":\"Ya est\u00e1 en marcha la prueba solidaria de Ultrafondo de Hernani Wukrorekin\"}]},{\"@type\":\"WebSite\",\"@id\":\"https:\/\/angelolaran.com\/en\/#website\",\"url\":\"https:\/\/angelolaran.com\/en\/\",\"name\":\"Web de \u00c1ngel Olaran\",\"description\":\"Wukro - Etiop\u00eda\",\"potentialAction\":[{\"@type\":\"SearchAction\",\"target\":{\"@type\":\"EntryPoint\",\"urlTemplate\":\"https:\/\/angelolaran.com\/en\/?s={search_term_string}\"},\"query-input\":{\"@type\":\"PropertyValueSpecification\",\"valueRequired\":true,\"valueName\":\"search_term_string\"}}],\"inLanguage\":\"en-US\"},{\"@type\":\"Person\",\"@id\":\"https:\/\/angelolaran.com\/en\/#\/schema\/person\/d1d803e4173725f218aff350713636f5\",\"name\":\"\u00c1ngel Olaran\",\"image\":{\"@type\":\"ImageObject\",\"inLanguage\":\"en-US\",\"@id\":\"https:\/\/angelolaran.com\/en\/#\/schema\/person\/image\/\",\"url\":\"https:\/\/secure.gravatar.com\/avatar\/1e4e0ca95f85b8a7e51f6bb8c4d880fe9149e385a055daac6da3c36c8dd2f2ee?s=96&d=mm&r=g\",\"contentUrl\":\"https:\/\/secure.gravatar.com\/avatar\/1e4e0ca95f85b8a7e51f6bb8c4d880fe9149e385a055daac6da3c36c8dd2f2ee?s=96&d=mm&r=g\",\"caption\":\"\u00c1ngel Olaran\"},\"sameAs\":[\"https:\/\/angelolaran.com\"],\"url\":\"https:\/\/angelolaran.com\/en\/author\/angel-olaran\/\"}]}<\/script>\n<!-- \/ Yoast SEO plugin. -->","yoast_head_json":{"title":"Ya est\u00e1 en marcha la prueba solidaria de Ultrafondo de Hernani Wukrorekin - Web de \u00c1ngel Olaran","robots":{"index":"index","follow":"follow","max-snippet":"max-snippet:-1","max-image-preview":"max-image-preview:large","max-video-preview":"max-video-preview:-1"},"canonical":"https:\/\/angelolaran.com\/en\/ya-esta-en-marcha-la-prueba-solidaria-de-ultrafondo-de-hernani-wukrorekin\/","og_locale":"en_US","og_type":"article","og_title":"Ya est\u00e1 en marcha la prueba solidaria de Ultrafondo de Hernani Wukrorekin - Web de \u00c1ngel Olaran","og_description":"Hernani Wukrorekin GKE-ONG, junto con el atleta ultrafondista hernaniarra Xabier Salillas, han organizado una prueba de ULTRAFONDO que se est\u00e1 celebrarado en la pista de atletismo de Hernani durante la semana del 21 al 27 de enero. Xabier Salillas es especialista en pruebas de Ultrafondo, cuya principal caracter\u00edstica principal es que que suelen ser muy &hellip; Continue reading Ya est\u00e1 en marcha la prueba solidaria de Ultrafondo de Hernani Wukrorekin","og_url":"https:\/\/angelolaran.com\/en\/ya-esta-en-marcha-la-prueba-solidaria-de-ultrafondo-de-hernani-wukrorekin\/","og_site_name":"Web de \u00c1ngel Olaran","article_published_time":"2013-01-22T20:49:27+00:00","article_modified_time":"2020-03-13T14:39:32+00:00","og_image":[{"url":"http:\/\/www.angelolaran.com\/wp-content\/uploads\/2013\/01\/Olaran-y-Salillas-300x199.jpg","type":"","width":"","height":""}],"author":"\u00c1ngel Olaran","twitter_card":"summary_large_image","twitter_misc":{"Written by":"\u00c1ngel Olaran","Est. reading time":"2 minutes"},"schema":{"@context":"https:\/\/schema.org","@graph":[{"@type":"Article","@id":"https:\/\/angelolaran.com\/en\/ya-esta-en-marcha-la-prueba-solidaria-de-ultrafondo-de-hernani-wukrorekin\/#article","isPartOf":{"@id":"https:\/\/angelolaran.com\/en\/ya-esta-en-marcha-la-prueba-solidaria-de-ultrafondo-de-hernani-wukrorekin\/"},"author":{"name":"\u00c1ngel Olaran","@id":"https:\/\/angelolaran.com\/en\/#\/schema\/person\/d1d803e4173725f218aff350713636f5"},"headline":"Ya est\u00e1 en marcha la prueba solidaria de Ultrafondo de Hernani Wukrorekin","datePublished":"2013-01-22T20:49:27+00:00","dateModified":"2020-03-13T14:39:32+00:00","mainEntityOfPage":{"@id":"https:\/\/angelolaran.com\/en\/ya-esta-en-marcha-la-prueba-solidaria-de-ultrafondo-de-hernani-wukrorekin\/"},"wordCount":411,"commentCount":0,"image":{"@id":"https:\/\/angelolaran.com\/en\/ya-esta-en-marcha-la-prueba-solidaria-de-ultrafondo-de-hernani-wukrorekin\/#primaryimage"},"thumbnailUrl":"http:\/\/www.angelolaran.com\/wp-content\/uploads\/2013\/01\/Olaran-y-Salillas-300x199.jpg","keywords":["Abba Melaku","angel olaran","Hernani","Hernaniwukrorekin","huerfanos","slider","Wukro","Xabier Salillas"],"articleSection":["Noticias"],"inLanguage":"en-US","potentialAction":[{"@type":"CommentAction","name":"Comment","target":["https:\/\/angelolaran.com\/en\/ya-esta-en-marcha-la-prueba-solidaria-de-ultrafondo-de-hernani-wukrorekin\/#respond"]}]},{"@type":"WebPage","@id":"https:\/\/angelolaran.com\/en\/ya-esta-en-marcha-la-prueba-solidaria-de-ultrafondo-de-hernani-wukrorekin\/","url":"https:\/\/angelolaran.com\/en\/ya-esta-en-marcha-la-prueba-solidaria-de-ultrafondo-de-hernani-wukrorekin\/","name":"Ya est\u00e1 en marcha la prueba solidaria de Ultrafondo de Hernani Wukrorekin - Web de \u00c1ngel Olaran","isPartOf":{"@id":"https:\/\/angelolaran.com\/en\/#website"},"primaryImageOfPage":{"@id":"https:\/\/angelolaran.com\/en\/ya-esta-en-marcha-la-prueba-solidaria-de-ultrafondo-de-hernani-wukrorekin\/#primaryimage"},"image":{"@id":"https:\/\/angelolaran.com\/en\/ya-esta-en-marcha-la-prueba-solidaria-de-ultrafondo-de-hernani-wukrorekin\/#primaryimage"},"thumbnailUrl":"http:\/\/www.angelolaran.com\/wp-content\/uploads\/2013\/01\/Olaran-y-Salillas-300x199.jpg","datePublished":"2013-01-22T20:49:27+00:00","dateModified":"2020-03-13T14:39:32+00:00","author":{"@id":"https:\/\/angelolaran.com\/en\/#\/schema\/person\/d1d803e4173725f218aff350713636f5"},"breadcrumb":{"@id":"https:\/\/angelolaran.com\/en\/ya-esta-en-marcha-la-prueba-solidaria-de-ultrafondo-de-hernani-wukrorekin\/#breadcrumb"},"inLanguage":"en-US","potentialAction":[{"@type":"ReadAction","target":["https:\/\/angelolaran.com\/en\/ya-esta-en-marcha-la-prueba-solidaria-de-ultrafondo-de-hernani-wukrorekin\/"]}]},{"@type":"ImageObject","inLanguage":"en-US","@id":"https:\/\/angelolaran.com\/en\/ya-esta-en-marcha-la-prueba-solidaria-de-ultrafondo-de-hernani-wukrorekin\/#primaryimage","url":"http:\/\/www.angelolaran.com\/wp-content\/uploads\/2013\/01\/Olaran-y-Salillas-300x199.jpg","contentUrl":"http:\/\/www.angelolaran.com\/wp-content\/uploads\/2013\/01\/Olaran-y-Salillas-300x199.jpg"},{"@type":"BreadcrumbList","@id":"https:\/\/angelolaran.com\/en\/ya-esta-en-marcha-la-prueba-solidaria-de-ultrafondo-de-hernani-wukrorekin\/#breadcrumb","itemListElement":[{"@type":"ListItem","position":1,"name":"Portada","item":"https:\/\/angelolaran.com\/en\/"},{"@type":"ListItem","position":2,"name":"Ya est\u00e1 en marcha la prueba solidaria de Ultrafondo de Hernani Wukrorekin"}]},{"@type":"WebSite","@id":"https:\/\/angelolaran.com\/en\/#website","url":"https:\/\/angelolaran.com\/en\/","name":"Web de \u00c1ngel Olaran","description":"Wukro - Etiop\u00eda","potentialAction":[{"@type":"SearchAction","target":{"@type":"EntryPoint","urlTemplate":"https:\/\/angelolaran.com\/en\/?s={search_term_string}"},"query-input":{"@type":"PropertyValueSpecification","valueRequired":true,"valueName":"search_term_string"}}],"inLanguage":"en-US"},{"@type":"Person","@id":"https:\/\/angelolaran.com\/en\/#\/schema\/person\/d1d803e4173725f218aff350713636f5","name":"\u00c1ngel Olaran","image":{"@type":"ImageObject","inLanguage":"en-US","@id":"https:\/\/angelolaran.com\/en\/#\/schema\/person\/image\/","url":"https:\/\/secure.gravatar.com\/avatar\/1e4e0ca95f85b8a7e51f6bb8c4d880fe9149e385a055daac6da3c36c8dd2f2ee?s=96&d=mm&r=g","contentUrl":"https:\/\/secure.gravatar.com\/avatar\/1e4e0ca95f85b8a7e51f6bb8c4d880fe9149e385a055daac6da3c36c8dd2f2ee?s=96&d=mm&r=g","caption":"\u00c1ngel Olaran"},"sameAs":["https:\/\/angelolaran.com"],"url":"https:\/\/angelolaran.com\/en\/author\/angel-olaran\/"}]}},"_links":{"self":[{"href":"https:\/\/angelolaran.com\/en\/wp-json\/wp\/v2\/posts\/523","targetHints":{"allow":["GET"]}}],"collection":[{"href":"https:\/\/angelolaran.com\/en\/wp-json\/wp\/v2\/posts"}],"about":[{"href":"https:\/\/angelolaran.com\/en\/wp-json\/wp\/v2\/types\/post"}],"author":[{"embeddable":true,"href":"https:\/\/angelolaran.com\/en\/wp-json\/wp\/v2\/users\/5"}],"replies":[{"embeddable":true,"href":"https:\/\/angelolaran.com\/en\/wp-json\/wp\/v2\/comments?post=523"}],"version-history":[{"count":1,"href":"https:\/\/angelolaran.com\/en\/wp-json\/wp\/v2\/posts\/523\/revisions"}],"predecessor-version":[{"id":1518,"href":"https:\/\/angelolaran.com\/en\/wp-json\/wp\/v2\/posts\/523\/revisions\/1518"}],"wp:attachment":[{"href":"https:\/\/angelolaran.com\/en\/wp-json\/wp\/v2\/media?parent=523"}],"wp:term":[{"taxonomy":"category","embeddable":true,"href":"https:\/\/angelolaran.com\/en\/wp-json\/wp\/v2\/categories?post=523"},{"taxonomy":"post_tag","embeddable":true,"href":"https:\/\/angelolaran.com\/en\/wp-json\/wp\/v2\/tags?post=523"}],"curies":[{"name":"wp","href":"https:\/\/api.w.org\/{rel}","templated":true}]}}