{"id":1142,"date":"2014-09-07T20:06:01","date_gmt":"2014-09-07T20:06:01","guid":{"rendered":"http:\/\/www.angelolaran.com\/?p=977"},"modified":"2020-03-13T14:34:49","modified_gmt":"2020-03-13T14:34:49","slug":"koxk-da-un-mosrdisco-a-la-solidaridad","status":"publish","type":"post","link":"https:\/\/angelolaran.com\/eu\/koxk-da-un-mosrdisco-a-la-solidaridad\/","title":{"rendered":"\u00a1Koxk! Da un mordisco a la solidaridad"},"content":{"rendered":"<p>El pr\u00f3ximo 13 de septiembre se celebrar\u00e1 en San Sebasti\u00e1n el evento&nbsp;<em>Koxk<\/em>, una iniciativa solidaria promovida por el ayuntamiento de San Sebasti\u00e1n&nbsp;en la que participar\u00e1n reconocidos chefs vascos (<a href=\"http:\/\/elpais.com\/tag\/karlos_arguinano\/a\/\">Karlos Argui\u00f1ano<\/a>,&nbsp;<a href=\"http:\/\/elpais.com\/tag\/juan_mari_arzak\/a\/\">Juan Mari Arzak<\/a>,&nbsp;<a href=\"http:\/\/elpais.com\/tag\/luis_irizar_zamora\/a\/\">Luis Irizar<\/a>,&nbsp;<a href=\"http:\/\/elpais.com\/tag\/pedro_subijana\/a\/\">Pedro Subijana<\/a>,&nbsp;<a href=\"http:\/\/elpais.com\/tag\/martin_berasategui\/a\/\">Mart\u00edn Berasategi<\/a>&nbsp;o David de Jorge)&nbsp;para que el p\u00fablico pueda recorrer las calles de la capital guipuzcoana degustando&nbsp;<em>pintxos<\/em>&nbsp;de todos los sabores en beneficio de la poblaci\u00f3n de Wukro, de la regi\u00f3n Tigray (Etiop\u00eda), a la que se destinar\u00e1 parte del dinero recaudado.<\/p>\n<p>Koxk! (\u00a1Da un mordisco a la solidaridad!) es un evento que el 13 de Septiembre llenar\u00e1 las calles del barrio donostiarra de Intxaurrondo de gastronom\u00eda y solidaridad. Desde las 10.00 de la ma\u00f1ana, hasta las 15.00 de la tarde, los visitantes podr\u00e1n disfrutar de varias actividades gastron\u00f3micas.<\/p>\n<p>Uno de los objetivos de Koxk! es el de recaudar fondos y apoyos para llevar adelante el <strong>Proyecto Sabores<\/strong>. Este es un proyecto que se llevar\u00e1 a cabo en Wukro (Etiop\u00eda) junto al Padre Blanco hernaniarra \u00c1ngel Olaran. El objetivo de este proyecto es revertir o ayudar a mejorar la situaci\u00f3n de inseguridad alimentaria cr\u00f3nica que vive la zona. Para ello, entre otras acciones, se crear\u00e1 la Escuela de Hosteler\u00eda y Gastronom\u00eda dentro del Colegio Saint Mary y se equipar\u00e1n y acondicionar\u00e1n las cocinas de la misi\u00f3n y de la escuela.<\/p>\n<p>Puedes informarte de todo lo concerniente a esta ainiticativa en la web de <a title=\"gastrofesta.com\" href=\"http:\/\/www.gastrofesta.com\/\">\u00a1Koxk!<\/a><\/p>\n","protected":false},"excerpt":{"rendered":"<p>El pr\u00f3ximo 13 de septiembre se celebrar\u00e1 en San Sebasti\u00e1n el evento&nbsp;Koxk, una iniciativa solidaria promovida por el ayuntamiento de San Sebasti\u00e1n&nbsp;en la que participar\u00e1n reconocidos chefs vascos (Karlos Argui\u00f1ano,&nbsp;Juan Mari Arzak,&nbsp;Luis Irizar,&nbsp;Pedro Subijana,&nbsp;Mart\u00edn Berasategi&nbsp;o David de Jorge)&nbsp;para que el p\u00fablico pueda recorrer las calles de la capital guipuzcoana degustando&nbsp;pintxos&nbsp;de todos los sabores en beneficio &hellip; <br \/><a href=\"https:\/\/angelolaran.com\/eu\/koxk-da-un-mosrdisco-a-la-solidaridad\/\" class=\"more-link\">Continue reading <span class=\"screen-reader-text\">\u00a1Koxk! Da un mordisco a la solidaridad<\/span><\/a><\/p>\n","protected":false},"author":5,"featured_media":0,"comment_status":"open","ping_status":"open","sticky":false,"template":"","format":"standard","meta":{"give_campaign_id":0,"footnotes":""},"categories":[32,42,44,38],"tags":[47,50,57,61,77,82,89,96,100,104,108],"class_list":["post-1142","post","type-post","status-publish","format-standard","hentry","category-escuela-de-st-marys-en-wukro","category-fiestas-y-actos","category-infraestructuras","category-social","tag-abba-melaku","tag-angel-olaran","tag-donosti","tag-etiopia","tag-koxk","tag-mision-de-st-mary","tag-peio-garcia-amiano","tag-san-sebastian","tag-slider","tag-tigray","tag-wukro"],"yoast_head":"<!-- This site is optimized with the Yoast SEO plugin v27.0 - https:\/\/yoast.com\/product\/yoast-seo-wordpress\/ -->\n<title>\u00a1Koxk! Da un mordisco a la solidaridad - Web de \u00c1ngel Olaran<\/title>\n<meta name=\"robots\" content=\"index, follow, max-snippet:-1, max-image-preview:large, max-video-preview:-1\" \/>\n<link rel=\"canonical\" href=\"https:\/\/angelolaran.com\/eu\/koxk-da-un-mosrdisco-a-la-solidaridad\/\" \/>\n<meta property=\"og:locale\" content=\"eu_ES\" \/>\n<meta property=\"og:type\" content=\"article\" \/>\n<meta property=\"og:title\" content=\"\u00a1Koxk! Da un mordisco a la solidaridad - Web de \u00c1ngel Olaran\" \/>\n<meta property=\"og:description\" content=\"El pr\u00f3ximo 13 de septiembre se celebrar\u00e1 en San Sebasti\u00e1n el evento&nbsp;Koxk, una iniciativa solidaria promovida por el ayuntamiento de San Sebasti\u00e1n&nbsp;en la que participar\u00e1n reconocidos chefs vascos (Karlos Argui\u00f1ano,&nbsp;Juan Mari Arzak,&nbsp;Luis Irizar,&nbsp;Pedro Subijana,&nbsp;Mart\u00edn Berasategi&nbsp;o David de Jorge)&nbsp;para que el p\u00fablico pueda recorrer las calles de la capital guipuzcoana degustando&nbsp;pintxos&nbsp;de todos los sabores en beneficio &hellip; Continue reading \u00a1Koxk! Da un mordisco a la solidaridad\" \/>\n<meta property=\"og:url\" content=\"https:\/\/angelolaran.com\/eu\/koxk-da-un-mosrdisco-a-la-solidaridad\/\" \/>\n<meta property=\"og:site_name\" content=\"Web de \u00c1ngel Olaran\" \/>\n<meta property=\"article:published_time\" content=\"2014-09-07T20:06:01+00:00\" \/>\n<meta property=\"article:modified_time\" content=\"2020-03-13T14:34:49+00:00\" \/>\n<meta name=\"author\" content=\"\u00c1ngel Olaran\" \/>\n<meta name=\"twitter:card\" content=\"summary_large_image\" \/>\n<meta name=\"twitter:label1\" content=\"Written by\" \/>\n\t<meta name=\"twitter:data1\" content=\"\u00c1ngel Olaran\" \/>\n\t<meta name=\"twitter:label2\" content=\"Est. reading time\" \/>\n\t<meta name=\"twitter:data2\" content=\"1 minute\" \/>\n<script type=\"application\/ld+json\" class=\"yoast-schema-graph\">{\"@context\":\"https:\/\/schema.org\",\"@graph\":[{\"@type\":\"Article\",\"@id\":\"https:\/\/angelolaran.com\/eu\/koxk-da-un-mosrdisco-a-la-solidaridad\/#article\",\"isPartOf\":{\"@id\":\"https:\/\/angelolaran.com\/eu\/koxk-da-un-mosrdisco-a-la-solidaridad\/\"},\"author\":{\"name\":\"\u00c1ngel Olaran\",\"@id\":\"https:\/\/angelolaran.com\/eu\/#\/schema\/person\/d1d803e4173725f218aff350713636f5\"},\"headline\":\"\u00a1Koxk! Da un mordisco a la solidaridad\",\"datePublished\":\"2014-09-07T20:06:01+00:00\",\"dateModified\":\"2020-03-13T14:34:49+00:00\",\"mainEntityOfPage\":{\"@id\":\"https:\/\/angelolaran.com\/eu\/koxk-da-un-mosrdisco-a-la-solidaridad\/\"},\"wordCount\":271,\"commentCount\":0,\"keywords\":[\"Abba Melaku\",\"angel olaran\",\"donosti\",\"etiop\u00eda\",\"koxk\",\"Misi\u00f3n de St. Mary\",\"peio garcia amiano\",\"san sebastian\",\"slider\",\"Tigray\",\"Wukro\"],\"articleSection\":[\"Escuela de St. Mary's en Wukro\",\"Fiestas y actos\",\"Infraestructuras\",\"Social\"],\"inLanguage\":\"eu-ES\",\"potentialAction\":[{\"@type\":\"CommentAction\",\"name\":\"Comment\",\"target\":[\"https:\/\/angelolaran.com\/eu\/koxk-da-un-mosrdisco-a-la-solidaridad\/#respond\"]}]},{\"@type\":\"WebPage\",\"@id\":\"https:\/\/angelolaran.com\/eu\/koxk-da-un-mosrdisco-a-la-solidaridad\/\",\"url\":\"https:\/\/angelolaran.com\/eu\/koxk-da-un-mosrdisco-a-la-solidaridad\/\",\"name\":\"\u00a1Koxk! Da un mordisco a la solidaridad - Web de \u00c1ngel Olaran\",\"isPartOf\":{\"@id\":\"https:\/\/angelolaran.com\/eu\/#website\"},\"datePublished\":\"2014-09-07T20:06:01+00:00\",\"dateModified\":\"2020-03-13T14:34:49+00:00\",\"author\":{\"@id\":\"https:\/\/angelolaran.com\/eu\/#\/schema\/person\/d1d803e4173725f218aff350713636f5\"},\"breadcrumb\":{\"@id\":\"https:\/\/angelolaran.com\/eu\/koxk-da-un-mosrdisco-a-la-solidaridad\/#breadcrumb\"},\"inLanguage\":\"eu-ES\",\"potentialAction\":[{\"@type\":\"ReadAction\",\"target\":[\"https:\/\/angelolaran.com\/eu\/koxk-da-un-mosrdisco-a-la-solidaridad\/\"]}]},{\"@type\":\"BreadcrumbList\",\"@id\":\"https:\/\/angelolaran.com\/eu\/koxk-da-un-mosrdisco-a-la-solidaridad\/#breadcrumb\",\"itemListElement\":[{\"@type\":\"ListItem\",\"position\":1,\"name\":\"Portada\",\"item\":\"https:\/\/angelolaran.com\/eu\/\"},{\"@type\":\"ListItem\",\"position\":2,\"name\":\"\u00a1Koxk! Da un mordisco a la solidaridad\"}]},{\"@type\":\"WebSite\",\"@id\":\"https:\/\/angelolaran.com\/eu\/#website\",\"url\":\"https:\/\/angelolaran.com\/eu\/\",\"name\":\"Web de \u00c1ngel Olaran\",\"description\":\"Wukro - Etiop\u00eda\",\"potentialAction\":[{\"@type\":\"SearchAction\",\"target\":{\"@type\":\"EntryPoint\",\"urlTemplate\":\"https:\/\/angelolaran.com\/eu\/?s={search_term_string}\"},\"query-input\":{\"@type\":\"PropertyValueSpecification\",\"valueRequired\":true,\"valueName\":\"search_term_string\"}}],\"inLanguage\":\"eu-ES\"},{\"@type\":\"Person\",\"@id\":\"https:\/\/angelolaran.com\/eu\/#\/schema\/person\/d1d803e4173725f218aff350713636f5\",\"name\":\"\u00c1ngel Olaran\",\"image\":{\"@type\":\"ImageObject\",\"inLanguage\":\"eu-ES\",\"@id\":\"https:\/\/angelolaran.com\/eu\/#\/schema\/person\/image\/\",\"url\":\"https:\/\/secure.gravatar.com\/avatar\/1e4e0ca95f85b8a7e51f6bb8c4d880fe9149e385a055daac6da3c36c8dd2f2ee?s=96&d=mm&r=g\",\"contentUrl\":\"https:\/\/secure.gravatar.com\/avatar\/1e4e0ca95f85b8a7e51f6bb8c4d880fe9149e385a055daac6da3c36c8dd2f2ee?s=96&d=mm&r=g\",\"caption\":\"\u00c1ngel Olaran\"},\"sameAs\":[\"https:\/\/angelolaran.com\"],\"url\":\"https:\/\/angelolaran.com\/eu\/author\/angel-olaran\/\"}]}<\/script>\n<!-- \/ Yoast SEO plugin. -->","yoast_head_json":{"title":"\u00a1Koxk! Da un mordisco a la solidaridad - Web de \u00c1ngel Olaran","robots":{"index":"index","follow":"follow","max-snippet":"max-snippet:-1","max-image-preview":"max-image-preview:large","max-video-preview":"max-video-preview:-1"},"canonical":"https:\/\/angelolaran.com\/eu\/koxk-da-un-mosrdisco-a-la-solidaridad\/","og_locale":"eu_ES","og_type":"article","og_title":"\u00a1Koxk! Da un mordisco a la solidaridad - Web de \u00c1ngel Olaran","og_description":"El pr\u00f3ximo 13 de septiembre se celebrar\u00e1 en San Sebasti\u00e1n el evento&nbsp;Koxk, una iniciativa solidaria promovida por el ayuntamiento de San Sebasti\u00e1n&nbsp;en la que participar\u00e1n reconocidos chefs vascos (Karlos Argui\u00f1ano,&nbsp;Juan Mari Arzak,&nbsp;Luis Irizar,&nbsp;Pedro Subijana,&nbsp;Mart\u00edn Berasategi&nbsp;o David de Jorge)&nbsp;para que el p\u00fablico pueda recorrer las calles de la capital guipuzcoana degustando&nbsp;pintxos&nbsp;de todos los sabores en beneficio &hellip; Continue reading \u00a1Koxk! Da un mordisco a la solidaridad","og_url":"https:\/\/angelolaran.com\/eu\/koxk-da-un-mosrdisco-a-la-solidaridad\/","og_site_name":"Web de \u00c1ngel Olaran","article_published_time":"2014-09-07T20:06:01+00:00","article_modified_time":"2020-03-13T14:34:49+00:00","author":"\u00c1ngel Olaran","twitter_card":"summary_large_image","twitter_misc":{"Written by":"\u00c1ngel Olaran","Est. reading time":"1 minute"},"schema":{"@context":"https:\/\/schema.org","@graph":[{"@type":"Article","@id":"https:\/\/angelolaran.com\/eu\/koxk-da-un-mosrdisco-a-la-solidaridad\/#article","isPartOf":{"@id":"https:\/\/angelolaran.com\/eu\/koxk-da-un-mosrdisco-a-la-solidaridad\/"},"author":{"name":"\u00c1ngel Olaran","@id":"https:\/\/angelolaran.com\/eu\/#\/schema\/person\/d1d803e4173725f218aff350713636f5"},"headline":"\u00a1Koxk! Da un mordisco a la solidaridad","datePublished":"2014-09-07T20:06:01+00:00","dateModified":"2020-03-13T14:34:49+00:00","mainEntityOfPage":{"@id":"https:\/\/angelolaran.com\/eu\/koxk-da-un-mosrdisco-a-la-solidaridad\/"},"wordCount":271,"commentCount":0,"keywords":["Abba Melaku","angel olaran","donosti","etiop\u00eda","koxk","Misi\u00f3n de St. Mary","peio garcia amiano","san sebastian","slider","Tigray","Wukro"],"articleSection":["Escuela de St. Mary's en Wukro","Fiestas y actos","Infraestructuras","Social"],"inLanguage":"eu-ES","potentialAction":[{"@type":"CommentAction","name":"Comment","target":["https:\/\/angelolaran.com\/eu\/koxk-da-un-mosrdisco-a-la-solidaridad\/#respond"]}]},{"@type":"WebPage","@id":"https:\/\/angelolaran.com\/eu\/koxk-da-un-mosrdisco-a-la-solidaridad\/","url":"https:\/\/angelolaran.com\/eu\/koxk-da-un-mosrdisco-a-la-solidaridad\/","name":"\u00a1Koxk! Da un mordisco a la solidaridad - Web de \u00c1ngel Olaran","isPartOf":{"@id":"https:\/\/angelolaran.com\/eu\/#website"},"datePublished":"2014-09-07T20:06:01+00:00","dateModified":"2020-03-13T14:34:49+00:00","author":{"@id":"https:\/\/angelolaran.com\/eu\/#\/schema\/person\/d1d803e4173725f218aff350713636f5"},"breadcrumb":{"@id":"https:\/\/angelolaran.com\/eu\/koxk-da-un-mosrdisco-a-la-solidaridad\/#breadcrumb"},"inLanguage":"eu-ES","potentialAction":[{"@type":"ReadAction","target":["https:\/\/angelolaran.com\/eu\/koxk-da-un-mosrdisco-a-la-solidaridad\/"]}]},{"@type":"BreadcrumbList","@id":"https:\/\/angelolaran.com\/eu\/koxk-da-un-mosrdisco-a-la-solidaridad\/#breadcrumb","itemListElement":[{"@type":"ListItem","position":1,"name":"Portada","item":"https:\/\/angelolaran.com\/eu\/"},{"@type":"ListItem","position":2,"name":"\u00a1Koxk! Da un mordisco a la solidaridad"}]},{"@type":"WebSite","@id":"https:\/\/angelolaran.com\/eu\/#website","url":"https:\/\/angelolaran.com\/eu\/","name":"Web de \u00c1ngel Olaran","description":"Wukro - Etiop\u00eda","potentialAction":[{"@type":"SearchAction","target":{"@type":"EntryPoint","urlTemplate":"https:\/\/angelolaran.com\/eu\/?s={search_term_string}"},"query-input":{"@type":"PropertyValueSpecification","valueRequired":true,"valueName":"search_term_string"}}],"inLanguage":"eu-ES"},{"@type":"Person","@id":"https:\/\/angelolaran.com\/eu\/#\/schema\/person\/d1d803e4173725f218aff350713636f5","name":"\u00c1ngel Olaran","image":{"@type":"ImageObject","inLanguage":"eu-ES","@id":"https:\/\/angelolaran.com\/eu\/#\/schema\/person\/image\/","url":"https:\/\/secure.gravatar.com\/avatar\/1e4e0ca95f85b8a7e51f6bb8c4d880fe9149e385a055daac6da3c36c8dd2f2ee?s=96&d=mm&r=g","contentUrl":"https:\/\/secure.gravatar.com\/avatar\/1e4e0ca95f85b8a7e51f6bb8c4d880fe9149e385a055daac6da3c36c8dd2f2ee?s=96&d=mm&r=g","caption":"\u00c1ngel Olaran"},"sameAs":["https:\/\/angelolaran.com"],"url":"https:\/\/angelolaran.com\/eu\/author\/angel-olaran\/"}]}},"_links":{"self":[{"href":"https:\/\/angelolaran.com\/eu\/wp-json\/wp\/v2\/posts\/1142","targetHints":{"allow":["GET"]}}],"collection":[{"href":"https:\/\/angelolaran.com\/eu\/wp-json\/wp\/v2\/posts"}],"about":[{"href":"https:\/\/angelolaran.com\/eu\/wp-json\/wp\/v2\/types\/post"}],"author":[{"embeddable":true,"href":"https:\/\/angelolaran.com\/eu\/wp-json\/wp\/v2\/users\/5"}],"replies":[{"embeddable":true,"href":"https:\/\/angelolaran.com\/eu\/wp-json\/wp\/v2\/comments?post=1142"}],"version-history":[{"count":1,"href":"https:\/\/angelolaran.com\/eu\/wp-json\/wp\/v2\/posts\/1142\/revisions"}],"predecessor-version":[{"id":1491,"href":"https:\/\/angelolaran.com\/eu\/wp-json\/wp\/v2\/posts\/1142\/revisions\/1491"}],"wp:attachment":[{"href":"https:\/\/angelolaran.com\/eu\/wp-json\/wp\/v2\/media?parent=1142"}],"wp:term":[{"taxonomy":"category","embeddable":true,"href":"https:\/\/angelolaran.com\/eu\/wp-json\/wp\/v2\/categories?post=1142"},{"taxonomy":"post_tag","embeddable":true,"href":"https:\/\/angelolaran.com\/eu\/wp-json\/wp\/v2\/tags?post=1142"}],"curies":[{"name":"wp","href":"https:\/\/api.w.org\/{rel}","templated":true}]}}