{"id":374,"date":"2012-09-25T17:51:00","date_gmt":"2012-09-25T17:51:00","guid":{"rendered":"http:\/\/www.angelolaran.com\/?p=374"},"modified":"2020-03-13T14:41:42","modified_gmt":"2020-03-13T14:41:42","slug":"carta-de-angel-olaran-ante-las-jornadas-solidarias-con-el-pueblo-de-wukro","status":"publish","type":"post","link":"https:\/\/angelolaran.com\/eu\/carta-de-angel-olaran-ante-las-jornadas-solidarias-con-el-pueblo-de-wukro\/","title":{"rendered":"Carta de \u00c1ngel Olaran ante las Jornadas Solidarias con el Pueblo de Wukro"},"content":{"rendered":"<p>&nbsp;<\/p>\n<p><a href=\"http:\/\/www.angelolaran.com\/wp-content\/uploads\/2012\/09\/Abba-Melaku-en-Wukro.jpg\"><img loading=\"lazy\" decoding=\"async\" class=\"alignnone size-full wp-image-381\" title=\"Abba Melaku en Wukro\" src=\"http:\/\/www.angelolaran.com\/wp-content\/uploads\/2012\/09\/Abba-Melaku-en-Wukro.jpg\" alt=\"\" width=\"579\" height=\"660\"><\/a><\/p>\n<p>Carta de \u00c1ngel Olaran ante las Jornadas Solidarias con el Pueblo de Wukro<\/p>\n<p>&#8220;Las cosas hechas con buen coraz\u00f3n se trascienden a s\u00ed mismas y son fuente de fuerza humana y divina. Se dice que el rio Ganges, a pesar de toda la suciedad que conlleva su mansa corriente, no es fuente de infecciones contagiosas. La fe, la energ\u00eda positiva de sus devotos produce un cambio sustancial en las mol\u00e9culas de agua.<\/p>\n<p>De igual manera, este vuestro acto anual de solidaridad con nuestras gentes de aqu\u00ed, es fuente de gracia para los que creemos en Dios, o fuente de energ\u00eda positiva para los que no cre\u00e1is en \u00c9l.<\/p>\n<p>A todos os invito a que reflexion\u00e9is en la trascendencia de ese encuentro que tendr\u00e1 lugar entre el 3 y 7 de octubre. A simple vista, una comida de solidaridad. Tom\u00e1ndolo un poco m\u00e1s en serio, un acontecimiento que nos hermana con un mundo deshermanado por la gran sociedad.<\/p>\n<p>Ese encuentro de principios de octubre, a la vez que una protesta contra un sistema que nos obliga a organizar comidas de este estilo para concienciarnos de los no-hermanos, &nbsp;pero si abusados, &nbsp;es, al mismo tiempo, una respuesta, por sencilla que sea, que surge de vosotros, por poco poder econ\u00f3mico y pol\u00edtico que pose\u00e1is. Un peque\u00f1o gesto humano a favor de los desheredados \u2013las noticias oficiales del 2012 anuncian la existencia de 80.000 personas desheredadas que, a\u00fan mueren diariamente a causa del hambre.<\/p>\n<p>En una ocasi\u00f3n tuve la posibilidad de comentar que una Constituci\u00f3n que apruebe impunemente el robo, la mala gesti\u00f3n de muchos millones de euros, por la casta fuerte de la sociedad &nbsp;y castigue a quien, por necesidad vital tenga que apropiarse de comida, por apenas unos euros, para alimentar su familia, esa Constituci\u00f3n es injusta.<\/p>\n<p>Si adem\u00e1s de castigar al d\u00e9bil y apoyar al rico, esa Constituci\u00f3n a\u00fan permite la reducci\u00f3n, en m\u00e1s de un 60%, del aporte econ\u00f3mico hacia esas 80.000 personas arriba mencionadas, &nbsp;es ya diab\u00f3lica.<\/p>\n<p>La UNESCO, el a\u00f1o 2008, urgentemente ped\u00eda a los pa\u00edses ricos del mundo, la cantidad de 50.000 millones de d\u00f3lares anuales para erradicar el hambre en el mundo. Los pa\u00edses ricos informaron que, por justa que fuera esa llamada urgente, todos ellos juntos, no pose\u00edan la cantidad de 50.000 millones de d\u00f3lares; acto seguido, en poco m\u00e1s de 3 a\u00f1os, han apoyada a los bancos con unos 5 billones &nbsp;d\u00f3lares.<\/p>\n<p>Estas cifras no quitan relevancia a vuestro gesto de las pr\u00f3ximas jornadas de octubre.<\/p>\n<p>Eskerrik asko.<\/p>\n<p>Que Dios os bendiga&#8221;<\/p>\n<p>\u00c1ngel Olaran<\/p>\n","protected":false},"excerpt":{"rendered":"<p>&nbsp; Carta de \u00c1ngel Olaran ante las Jornadas Solidarias con el Pueblo de Wukro &#8220;Las cosas hechas con buen coraz\u00f3n se trascienden a s\u00ed mismas y son fuente de fuerza humana y divina. Se dice que el rio Ganges, a pesar de toda la suciedad que conlleva su mansa corriente, no es fuente de infecciones &hellip; <br \/><a href=\"https:\/\/angelolaran.com\/eu\/carta-de-angel-olaran-ante-las-jornadas-solidarias-con-el-pueblo-de-wukro\/\" class=\"more-link\">Continue reading <span class=\"screen-reader-text\">Carta de \u00c1ngel Olaran ante las Jornadas Solidarias con el Pueblo de Wukro<\/span><\/a><\/p>\n","protected":false},"author":5,"featured_media":0,"comment_status":"open","ping_status":"open","sticky":false,"template":"","format":"standard","meta":{"give_campaign_id":0,"footnotes":""},"categories":[31,35],"tags":[47,50,68,82,100,108],"class_list":["post-374","post","type-post","status-publish","format-standard","hentry","category-cartas-angel","category-noticias","tag-abba-melaku","tag-angel-olaran","tag-hernaniwukrorekin","tag-mision-de-st-mary","tag-slider","tag-wukro"],"yoast_head":"<!-- This site is optimized with the Yoast SEO plugin v27.0 - https:\/\/yoast.com\/product\/yoast-seo-wordpress\/ -->\n<title>Carta de \u00c1ngel Olaran ante las Jornadas Solidarias con el Pueblo de Wukro - Web de \u00c1ngel Olaran<\/title>\n<meta name=\"robots\" content=\"index, follow, max-snippet:-1, max-image-preview:large, max-video-preview:-1\" \/>\n<link rel=\"canonical\" href=\"https:\/\/angelolaran.com\/eu\/carta-de-angel-olaran-ante-las-jornadas-solidarias-con-el-pueblo-de-wukro\/\" \/>\n<meta property=\"og:locale\" content=\"eu_ES\" \/>\n<meta property=\"og:type\" content=\"article\" \/>\n<meta property=\"og:title\" content=\"Carta de \u00c1ngel Olaran ante las Jornadas Solidarias con el Pueblo de Wukro - Web de \u00c1ngel Olaran\" \/>\n<meta property=\"og:description\" content=\"&nbsp; Carta de \u00c1ngel Olaran ante las Jornadas Solidarias con el Pueblo de Wukro &#8220;Las cosas hechas con buen coraz\u00f3n se trascienden a s\u00ed mismas y son fuente de fuerza humana y divina. Se dice que el rio Ganges, a pesar de toda la suciedad que conlleva su mansa corriente, no es fuente de infecciones &hellip; Continue reading Carta de \u00c1ngel Olaran ante las Jornadas Solidarias con el Pueblo de Wukro\" \/>\n<meta property=\"og:url\" content=\"https:\/\/angelolaran.com\/eu\/carta-de-angel-olaran-ante-las-jornadas-solidarias-con-el-pueblo-de-wukro\/\" \/>\n<meta property=\"og:site_name\" content=\"Web de \u00c1ngel Olaran\" \/>\n<meta property=\"article:published_time\" content=\"2012-09-25T17:51:00+00:00\" \/>\n<meta property=\"article:modified_time\" content=\"2020-03-13T14:41:42+00:00\" \/>\n<meta property=\"og:image\" content=\"http:\/\/www.angelolaran.com\/wp-content\/uploads\/2012\/09\/Abba-Melaku-en-Wukro.jpg\" \/>\n<meta name=\"author\" content=\"\u00c1ngel Olaran\" \/>\n<meta name=\"twitter:card\" content=\"summary_large_image\" \/>\n<meta name=\"twitter:label1\" content=\"Written by\" \/>\n\t<meta name=\"twitter:data1\" content=\"\u00c1ngel Olaran\" \/>\n\t<meta name=\"twitter:label2\" content=\"Est. reading time\" \/>\n\t<meta name=\"twitter:data2\" content=\"2 minutes\" \/>\n<script type=\"application\/ld+json\" class=\"yoast-schema-graph\">{\"@context\":\"https:\/\/schema.org\",\"@graph\":[{\"@type\":\"Article\",\"@id\":\"https:\/\/angelolaran.com\/eu\/carta-de-angel-olaran-ante-las-jornadas-solidarias-con-el-pueblo-de-wukro\/#article\",\"isPartOf\":{\"@id\":\"https:\/\/angelolaran.com\/eu\/carta-de-angel-olaran-ante-las-jornadas-solidarias-con-el-pueblo-de-wukro\/\"},\"author\":{\"name\":\"\u00c1ngel Olaran\",\"@id\":\"https:\/\/angelolaran.com\/eu\/#\/schema\/person\/d1d803e4173725f218aff350713636f5\"},\"headline\":\"Carta de \u00c1ngel Olaran ante las Jornadas Solidarias con el Pueblo de Wukro\",\"datePublished\":\"2012-09-25T17:51:00+00:00\",\"dateModified\":\"2020-03-13T14:41:42+00:00\",\"mainEntityOfPage\":{\"@id\":\"https:\/\/angelolaran.com\/eu\/carta-de-angel-olaran-ante-las-jornadas-solidarias-con-el-pueblo-de-wukro\/\"},\"wordCount\":464,\"commentCount\":0,\"image\":{\"@id\":\"https:\/\/angelolaran.com\/eu\/carta-de-angel-olaran-ante-las-jornadas-solidarias-con-el-pueblo-de-wukro\/#primaryimage\"},\"thumbnailUrl\":\"http:\/\/www.angelolaran.com\/wp-content\/uploads\/2012\/09\/Abba-Melaku-en-Wukro.jpg\",\"keywords\":[\"Abba Melaku\",\"angel olaran\",\"Hernaniwukrorekin\",\"Misi\u00f3n de St. Mary\",\"slider\",\"Wukro\"],\"articleSection\":[\"Cartas \u00c1ngel\",\"Noticias\"],\"inLanguage\":\"eu-ES\",\"potentialAction\":[{\"@type\":\"CommentAction\",\"name\":\"Comment\",\"target\":[\"https:\/\/angelolaran.com\/eu\/carta-de-angel-olaran-ante-las-jornadas-solidarias-con-el-pueblo-de-wukro\/#respond\"]}]},{\"@type\":\"WebPage\",\"@id\":\"https:\/\/angelolaran.com\/eu\/carta-de-angel-olaran-ante-las-jornadas-solidarias-con-el-pueblo-de-wukro\/\",\"url\":\"https:\/\/angelolaran.com\/eu\/carta-de-angel-olaran-ante-las-jornadas-solidarias-con-el-pueblo-de-wukro\/\",\"name\":\"Carta de \u00c1ngel Olaran ante las Jornadas Solidarias con el Pueblo de Wukro - Web de \u00c1ngel Olaran\",\"isPartOf\":{\"@id\":\"https:\/\/angelolaran.com\/eu\/#website\"},\"primaryImageOfPage\":{\"@id\":\"https:\/\/angelolaran.com\/eu\/carta-de-angel-olaran-ante-las-jornadas-solidarias-con-el-pueblo-de-wukro\/#primaryimage\"},\"image\":{\"@id\":\"https:\/\/angelolaran.com\/eu\/carta-de-angel-olaran-ante-las-jornadas-solidarias-con-el-pueblo-de-wukro\/#primaryimage\"},\"thumbnailUrl\":\"http:\/\/www.angelolaran.com\/wp-content\/uploads\/2012\/09\/Abba-Melaku-en-Wukro.jpg\",\"datePublished\":\"2012-09-25T17:51:00+00:00\",\"dateModified\":\"2020-03-13T14:41:42+00:00\",\"author\":{\"@id\":\"https:\/\/angelolaran.com\/eu\/#\/schema\/person\/d1d803e4173725f218aff350713636f5\"},\"breadcrumb\":{\"@id\":\"https:\/\/angelolaran.com\/eu\/carta-de-angel-olaran-ante-las-jornadas-solidarias-con-el-pueblo-de-wukro\/#breadcrumb\"},\"inLanguage\":\"eu-ES\",\"potentialAction\":[{\"@type\":\"ReadAction\",\"target\":[\"https:\/\/angelolaran.com\/eu\/carta-de-angel-olaran-ante-las-jornadas-solidarias-con-el-pueblo-de-wukro\/\"]}]},{\"@type\":\"ImageObject\",\"inLanguage\":\"eu-ES\",\"@id\":\"https:\/\/angelolaran.com\/eu\/carta-de-angel-olaran-ante-las-jornadas-solidarias-con-el-pueblo-de-wukro\/#primaryimage\",\"url\":\"http:\/\/www.angelolaran.com\/wp-content\/uploads\/2012\/09\/Abba-Melaku-en-Wukro.jpg\",\"contentUrl\":\"http:\/\/www.angelolaran.com\/wp-content\/uploads\/2012\/09\/Abba-Melaku-en-Wukro.jpg\"},{\"@type\":\"BreadcrumbList\",\"@id\":\"https:\/\/angelolaran.com\/eu\/carta-de-angel-olaran-ante-las-jornadas-solidarias-con-el-pueblo-de-wukro\/#breadcrumb\",\"itemListElement\":[{\"@type\":\"ListItem\",\"position\":1,\"name\":\"Portada\",\"item\":\"https:\/\/angelolaran.com\/eu\/\"},{\"@type\":\"ListItem\",\"position\":2,\"name\":\"Carta de \u00c1ngel Olaran ante las Jornadas Solidarias con el Pueblo de Wukro\"}]},{\"@type\":\"WebSite\",\"@id\":\"https:\/\/angelolaran.com\/eu\/#website\",\"url\":\"https:\/\/angelolaran.com\/eu\/\",\"name\":\"Web de \u00c1ngel Olaran\",\"description\":\"Wukro - Etiop\u00eda\",\"potentialAction\":[{\"@type\":\"SearchAction\",\"target\":{\"@type\":\"EntryPoint\",\"urlTemplate\":\"https:\/\/angelolaran.com\/eu\/?s={search_term_string}\"},\"query-input\":{\"@type\":\"PropertyValueSpecification\",\"valueRequired\":true,\"valueName\":\"search_term_string\"}}],\"inLanguage\":\"eu-ES\"},{\"@type\":\"Person\",\"@id\":\"https:\/\/angelolaran.com\/eu\/#\/schema\/person\/d1d803e4173725f218aff350713636f5\",\"name\":\"\u00c1ngel Olaran\",\"image\":{\"@type\":\"ImageObject\",\"inLanguage\":\"eu-ES\",\"@id\":\"https:\/\/angelolaran.com\/eu\/#\/schema\/person\/image\/\",\"url\":\"https:\/\/secure.gravatar.com\/avatar\/1e4e0ca95f85b8a7e51f6bb8c4d880fe9149e385a055daac6da3c36c8dd2f2ee?s=96&d=mm&r=g\",\"contentUrl\":\"https:\/\/secure.gravatar.com\/avatar\/1e4e0ca95f85b8a7e51f6bb8c4d880fe9149e385a055daac6da3c36c8dd2f2ee?s=96&d=mm&r=g\",\"caption\":\"\u00c1ngel Olaran\"},\"sameAs\":[\"https:\/\/angelolaran.com\"],\"url\":\"https:\/\/angelolaran.com\/eu\/author\/angel-olaran\/\"}]}<\/script>\n<!-- \/ Yoast SEO plugin. -->","yoast_head_json":{"title":"Carta de \u00c1ngel Olaran ante las Jornadas Solidarias con el Pueblo de Wukro - Web de \u00c1ngel Olaran","robots":{"index":"index","follow":"follow","max-snippet":"max-snippet:-1","max-image-preview":"max-image-preview:large","max-video-preview":"max-video-preview:-1"},"canonical":"https:\/\/angelolaran.com\/eu\/carta-de-angel-olaran-ante-las-jornadas-solidarias-con-el-pueblo-de-wukro\/","og_locale":"eu_ES","og_type":"article","og_title":"Carta de \u00c1ngel Olaran ante las Jornadas Solidarias con el Pueblo de Wukro - Web de \u00c1ngel Olaran","og_description":"&nbsp; Carta de \u00c1ngel Olaran ante las Jornadas Solidarias con el Pueblo de Wukro &#8220;Las cosas hechas con buen coraz\u00f3n se trascienden a s\u00ed mismas y son fuente de fuerza humana y divina. Se dice que el rio Ganges, a pesar de toda la suciedad que conlleva su mansa corriente, no es fuente de infecciones &hellip; Continue reading Carta de \u00c1ngel Olaran ante las Jornadas Solidarias con el Pueblo de Wukro","og_url":"https:\/\/angelolaran.com\/eu\/carta-de-angel-olaran-ante-las-jornadas-solidarias-con-el-pueblo-de-wukro\/","og_site_name":"Web de \u00c1ngel Olaran","article_published_time":"2012-09-25T17:51:00+00:00","article_modified_time":"2020-03-13T14:41:42+00:00","og_image":[{"url":"http:\/\/www.angelolaran.com\/wp-content\/uploads\/2012\/09\/Abba-Melaku-en-Wukro.jpg","type":"","width":"","height":""}],"author":"\u00c1ngel Olaran","twitter_card":"summary_large_image","twitter_misc":{"Written by":"\u00c1ngel Olaran","Est. reading time":"2 minutes"},"schema":{"@context":"https:\/\/schema.org","@graph":[{"@type":"Article","@id":"https:\/\/angelolaran.com\/eu\/carta-de-angel-olaran-ante-las-jornadas-solidarias-con-el-pueblo-de-wukro\/#article","isPartOf":{"@id":"https:\/\/angelolaran.com\/eu\/carta-de-angel-olaran-ante-las-jornadas-solidarias-con-el-pueblo-de-wukro\/"},"author":{"name":"\u00c1ngel Olaran","@id":"https:\/\/angelolaran.com\/eu\/#\/schema\/person\/d1d803e4173725f218aff350713636f5"},"headline":"Carta de \u00c1ngel Olaran ante las Jornadas Solidarias con el Pueblo de Wukro","datePublished":"2012-09-25T17:51:00+00:00","dateModified":"2020-03-13T14:41:42+00:00","mainEntityOfPage":{"@id":"https:\/\/angelolaran.com\/eu\/carta-de-angel-olaran-ante-las-jornadas-solidarias-con-el-pueblo-de-wukro\/"},"wordCount":464,"commentCount":0,"image":{"@id":"https:\/\/angelolaran.com\/eu\/carta-de-angel-olaran-ante-las-jornadas-solidarias-con-el-pueblo-de-wukro\/#primaryimage"},"thumbnailUrl":"http:\/\/www.angelolaran.com\/wp-content\/uploads\/2012\/09\/Abba-Melaku-en-Wukro.jpg","keywords":["Abba Melaku","angel olaran","Hernaniwukrorekin","Misi\u00f3n de St. Mary","slider","Wukro"],"articleSection":["Cartas \u00c1ngel","Noticias"],"inLanguage":"eu-ES","potentialAction":[{"@type":"CommentAction","name":"Comment","target":["https:\/\/angelolaran.com\/eu\/carta-de-angel-olaran-ante-las-jornadas-solidarias-con-el-pueblo-de-wukro\/#respond"]}]},{"@type":"WebPage","@id":"https:\/\/angelolaran.com\/eu\/carta-de-angel-olaran-ante-las-jornadas-solidarias-con-el-pueblo-de-wukro\/","url":"https:\/\/angelolaran.com\/eu\/carta-de-angel-olaran-ante-las-jornadas-solidarias-con-el-pueblo-de-wukro\/","name":"Carta de \u00c1ngel Olaran ante las Jornadas Solidarias con el Pueblo de Wukro - Web de \u00c1ngel Olaran","isPartOf":{"@id":"https:\/\/angelolaran.com\/eu\/#website"},"primaryImageOfPage":{"@id":"https:\/\/angelolaran.com\/eu\/carta-de-angel-olaran-ante-las-jornadas-solidarias-con-el-pueblo-de-wukro\/#primaryimage"},"image":{"@id":"https:\/\/angelolaran.com\/eu\/carta-de-angel-olaran-ante-las-jornadas-solidarias-con-el-pueblo-de-wukro\/#primaryimage"},"thumbnailUrl":"http:\/\/www.angelolaran.com\/wp-content\/uploads\/2012\/09\/Abba-Melaku-en-Wukro.jpg","datePublished":"2012-09-25T17:51:00+00:00","dateModified":"2020-03-13T14:41:42+00:00","author":{"@id":"https:\/\/angelolaran.com\/eu\/#\/schema\/person\/d1d803e4173725f218aff350713636f5"},"breadcrumb":{"@id":"https:\/\/angelolaran.com\/eu\/carta-de-angel-olaran-ante-las-jornadas-solidarias-con-el-pueblo-de-wukro\/#breadcrumb"},"inLanguage":"eu-ES","potentialAction":[{"@type":"ReadAction","target":["https:\/\/angelolaran.com\/eu\/carta-de-angel-olaran-ante-las-jornadas-solidarias-con-el-pueblo-de-wukro\/"]}]},{"@type":"ImageObject","inLanguage":"eu-ES","@id":"https:\/\/angelolaran.com\/eu\/carta-de-angel-olaran-ante-las-jornadas-solidarias-con-el-pueblo-de-wukro\/#primaryimage","url":"http:\/\/www.angelolaran.com\/wp-content\/uploads\/2012\/09\/Abba-Melaku-en-Wukro.jpg","contentUrl":"http:\/\/www.angelolaran.com\/wp-content\/uploads\/2012\/09\/Abba-Melaku-en-Wukro.jpg"},{"@type":"BreadcrumbList","@id":"https:\/\/angelolaran.com\/eu\/carta-de-angel-olaran-ante-las-jornadas-solidarias-con-el-pueblo-de-wukro\/#breadcrumb","itemListElement":[{"@type":"ListItem","position":1,"name":"Portada","item":"https:\/\/angelolaran.com\/eu\/"},{"@type":"ListItem","position":2,"name":"Carta de \u00c1ngel Olaran ante las Jornadas Solidarias con el Pueblo de Wukro"}]},{"@type":"WebSite","@id":"https:\/\/angelolaran.com\/eu\/#website","url":"https:\/\/angelolaran.com\/eu\/","name":"Web de \u00c1ngel Olaran","description":"Wukro - Etiop\u00eda","potentialAction":[{"@type":"SearchAction","target":{"@type":"EntryPoint","urlTemplate":"https:\/\/angelolaran.com\/eu\/?s={search_term_string}"},"query-input":{"@type":"PropertyValueSpecification","valueRequired":true,"valueName":"search_term_string"}}],"inLanguage":"eu-ES"},{"@type":"Person","@id":"https:\/\/angelolaran.com\/eu\/#\/schema\/person\/d1d803e4173725f218aff350713636f5","name":"\u00c1ngel Olaran","image":{"@type":"ImageObject","inLanguage":"eu-ES","@id":"https:\/\/angelolaran.com\/eu\/#\/schema\/person\/image\/","url":"https:\/\/secure.gravatar.com\/avatar\/1e4e0ca95f85b8a7e51f6bb8c4d880fe9149e385a055daac6da3c36c8dd2f2ee?s=96&d=mm&r=g","contentUrl":"https:\/\/secure.gravatar.com\/avatar\/1e4e0ca95f85b8a7e51f6bb8c4d880fe9149e385a055daac6da3c36c8dd2f2ee?s=96&d=mm&r=g","caption":"\u00c1ngel Olaran"},"sameAs":["https:\/\/angelolaran.com"],"url":"https:\/\/angelolaran.com\/eu\/author\/angel-olaran\/"}]}},"_links":{"self":[{"href":"https:\/\/angelolaran.com\/eu\/wp-json\/wp\/v2\/posts\/374","targetHints":{"allow":["GET"]}}],"collection":[{"href":"https:\/\/angelolaran.com\/eu\/wp-json\/wp\/v2\/posts"}],"about":[{"href":"https:\/\/angelolaran.com\/eu\/wp-json\/wp\/v2\/types\/post"}],"author":[{"embeddable":true,"href":"https:\/\/angelolaran.com\/eu\/wp-json\/wp\/v2\/users\/5"}],"replies":[{"embeddable":true,"href":"https:\/\/angelolaran.com\/eu\/wp-json\/wp\/v2\/comments?post=374"}],"version-history":[{"count":1,"href":"https:\/\/angelolaran.com\/eu\/wp-json\/wp\/v2\/posts\/374\/revisions"}],"predecessor-version":[{"id":1525,"href":"https:\/\/angelolaran.com\/eu\/wp-json\/wp\/v2\/posts\/374\/revisions\/1525"}],"wp:attachment":[{"href":"https:\/\/angelolaran.com\/eu\/wp-json\/wp\/v2\/media?parent=374"}],"wp:term":[{"taxonomy":"category","embeddable":true,"href":"https:\/\/angelolaran.com\/eu\/wp-json\/wp\/v2\/categories?post=374"},{"taxonomy":"post_tag","embeddable":true,"href":"https:\/\/angelolaran.com\/eu\/wp-json\/wp\/v2\/tags?post=374"}],"curies":[{"name":"wp","href":"https:\/\/api.w.org\/{rel}","templated":true}]}}